{
    "title": "Le march\u00e9 immobilier ralentit \u00e0 nouveau apr\u00e8s une ann\u00e9e 2025 en forte croissance",
    "modified_at": "2026-04-30 16:10:10",
    "published_at": "2026-04-30 16:10:00",
    "url": "https://newsroom.ing.be/le-marche-immobilier-ralentit-a-nouveau-apres-une-annee-2025-en-forte-croissance",
    "short_url": "http://prez.ly/PjEd",
    "culture": "fr",
    "language": "FR",
    "slug": "le-marche-immobilier-ralentit-a-nouveau-apres-une-annee-2025-en-forte-croissance",
    "body": "<p style=\"text-align: justify\"><strong>L&rsquo;essentiel : </strong></p><ol class=\"release-content-list release-content-list--numbered release-content-list--align-inherit\"><li><span><strong>Les prix m&eacute;dians des logements existants ont augment&eacute; de 5,6 % en 2025, </strong>apr&egrave;s une hausse de 0,3 % en glissement trimestriel et de 7,3 % en glissement annuel au quatri&egrave;me trimestre.</span></li><li><span><strong>Le nombre de transactions immobili&egrave;res a fortement augment&eacute; en 2025</strong>, avec une hausse de 21% par rapport &agrave; 2024.</span></li><li><span>La demande <strong>de biens immobiliers existants</strong> en 2025 a &eacute;t&eacute; principalement soutenue par <strong>les changements de politique</strong>, ce qui a permis &agrave; ce segment <strong>d&#039;enregistrer une croissance des prix</strong> plus forte que celle de la construction neuve.</span></li><li><span><strong>Apr&egrave;s une ann&eacute;e 2025 forte, nous pr&eacute;voyons un march&eacute; immobilier moins dynamique en 2026 et 2027,</strong> avec des hausses de prix plus mod&eacute;r&eacute;es (3,0 % et 2,5 %) en raison d&#039;une l&eacute;g&egrave;re hausse des taux d&#039;int&eacute;r&ecirc;t &agrave; long terme, d&#039;une croissance &eacute;conomique plus lente et d&#039;une croissance du pouvoir d&#039;achat plus faible. </span></li></ol><p style=\"text-align: justify\">En 2025, les prix m&eacute;dians des logements en Belgique ont augment&eacute; de 5,6 % en glissement annuel, dans le prolongement de la reprise amorc&eacute;e &agrave; la fin de 2024. Il est int&eacute;ressant de noter que cette hausse des prix s&#039;est produite malgr&eacute; une l&eacute;g&egrave;re augmentation des taux d&#039;int&eacute;r&ecirc;t &agrave; long terme. Cela n&#039;a pas emp&ecirc;ch&eacute; les acheteurs de revenir sur le march&eacute; de l&#039;immobilier r&eacute;sidentiel. \u200b </p><p style=\"text-align: justify\">En effet, la demande d&#039;immobilier r&eacute;sidentiel en 2025 a &eacute;t&eacute; soutenue par une s&eacute;rie de politiques qui ont am&eacute;lior&eacute; l&#039;accessibilit&eacute; des acheteurs. Par exemple, les droits d&#039;enregistrement pour le seul logement familial occup&eacute; par le propri&eacute;taire ont &eacute;t&eacute; r&eacute;duits en Flandre (-1 point de pourcentage) et en Wallonie (-9,5 points de pourcentage). Les droits d&#039;enregistrement &eacute;tant un co&ucirc;t unique qui ne peut g&eacute;n&eacute;ralement pas &ecirc;tre financ&eacute; par un pr&ecirc;t hypoth&eacute;caire, cette mesure a permis de r&eacute;duire imm&eacute;diatement l&#039;obstacle financier &agrave; l&#039;achat.</p><p style=\"text-align: justify\">En outre, les logements dont la performance &eacute;nerg&eacute;tique est m&eacute;diocre sont redevenus plus attrayants gr&acirc;ce &agrave; plusieurs changements l&eacute;gislatifs. En Flandre, l&#039;obligation de r&eacute;novation a &eacute;t&eacute; assouplie et la voie vers l&#039;&eacute;tiquette EPC A compl&egrave;tement supprim&eacute;e. Par cons&eacute;quent, les acheteurs doivent effectuer beaucoup moins de travaux de r&eacute;novation pour obtenir au moins le label EPC D, ce qui r&eacute;duit consid&eacute;rablement les co&ucirc;ts de r&eacute;novation estim&eacute;s pour les logements existants. La prolongation et l&#039;extension du taux r&eacute;duit de TVA de 6 % sur la d&eacute;molition et la reconstruction ont &eacute;galement renforc&eacute; l&#039;attrait de l&#039;immobilier existant par rapport &agrave; la construction neuve classique, &agrave; laquelle une TVA de 21 % reste applicable.</p><p style=\"text-align: justify\">Enfin, la Banque nationale de Belgique a montr&eacute; pr&eacute;c&eacute;demment que les logements ayant un mauvais score &eacute;nerg&eacute;tique sont devenus relativement moins chers ces derni&egrave;res ann&eacute;es que les logements ayant un bon score &eacute;nerg&eacute;tique. Combin&eacute;e &agrave; une r&eacute;glementation plus souple, cette situation a clairement cr&eacute;&eacute; des opportunit&eacute;s pour les acheteurs de biens immobiliers existants. Le secteur de la construction neuve, quant &agrave; lui, est rest&eacute; sous pression en 2025, avec un nombre de permis de construire historiquement bas. Toutefois, cette ann&eacute;e-l&agrave;, les premiers signes ont montr&eacute; que la baisse des permis de construire commen&ccedil;ait &agrave; atteindre son point le plus bas, ce qui s&#039;est confirm&eacute; en janvier 2026. En effet, cette ann&eacute;e a d&eacute;marr&eacute; plus fort que l&#039;ann&eacute;e derni&egrave;re, avec une augmentation de 11 % du nombre permis de construire pour des logements r&eacute;sidentiels par rapport &agrave; janvier 2025.</p><blockquote style=\"text-align: justify\"><em>&quot;La r&eacute;duction des droits d&#039;enregistrement et l&#039;assouplissement des obligations de r&eacute;novation ont clairement abaiss&eacute; le seuil pour les acheteurs. Cela a rendu les logements existants ayant une performance &eacute;nerg&eacute;tique plus faible plus attrayants : ils sont relativement moins chers et n&eacute;cessitent moins d&#039;investissements qu&#039;il y a quelques ann&eacute;es&quot;, note Alissa Lefebre.</em></blockquote><blockquote><em>&quot;Apr&egrave;s la forte dynamique de 2025, le march&eacute; de l&#039;immobilier perdra &agrave; nouveau de sa vigueur dans les ann&eacute;es &agrave; venir en raison de la l&eacute;g&egrave;re hausse des taux d&#039;int&eacute;r&ecirc;t &agrave; long terme, du ralentissement de la croissance &eacute;conomique et de l&#039;affaiblissement de la croissance du pouvoir d&#039;achat. Si le barom&egrave;tre notarial indique que l&#039;ann&eacute;e 2026 a encore bien d&eacute;marr&eacute;, cela peut s&#039;expliquer en partie par le mode d&#039;enregistrement statistique des transactions. En effet, les chiffres de transaction d&eacute;clar&eacute;s sont bas&eacute;s sur la date de signature de l&#039;acte notari&eacute;, et non sur la date de signature de la promesse de vente ou du compromis. Par cons&eacute;quent, les premiers mois de 2026 peuvent encore enregistrer un nombre relativement important de transactions qui concernent en fait des achats qui ont d&eacute;j&agrave; &eacute;t&eacute; d&eacute;cid&eacute;s en 2025. Dans le m&ecirc;me temps, les indicateurs sous-jacents indiquent d&eacute;j&agrave; un refroidissement du march&eacute; de l&#039;immobilier. Par exemple, le nombre de nouveaux pr&ecirc;ts hypoth&eacute;caires au cours des trois premiers mois de 2026 est nettement inf&eacute;rieur &agrave; celui de la m&ecirc;me p&eacute;riode de l&#039;ann&eacute;e derni&egrave;re (-14 % sur un an), ce qui est g&eacute;n&eacute;ralement un indicateur avanc&eacute; du nombre de transactions et de la dynamique des prix. Nous nous attendons donc &agrave; ce que les prix des logements augmentent encore de 3,0 % et de 2,5 % en 2026 et 2027 respectivement, mais nettement plus mod&eacute;r&eacute;ment qu&#039;en 2025&quot;, a d&eacute;clar&eacute; Alissa Lefebre.</em></blockquote><p><em>Fig. Evolution des prix m&eacute;dians nominaux des logements existants, y compris les pr&eacute;visions ING</em></p>\n    <figure\n        class=\"release-content-image release-content-image--contained release-content-image--align-center\"\n        data-component=\"image-zoom-popup\"\n        data-image-zoom-popup-selector=\".release-content-image__image\"\n        data-image-zoom-popup-i18n=\"data:application/json;base64,eyJEb3dubG9hZCI6IkRvd25sb2FkIn0=\"\n        data-image-zoom-popup-tracking-views-event=\"Story Image View\"\n        data-image-zoom-popup-tracking-download-event=\"Story Image Download\"\n        data-image-zoom-popup-placement=\"content\"\n    >\n        <div class=\"image-thumbnail-rollover\" style=\"width: 100%\">\n            <img\n                src=\"https://cdn.uc.assets.prezly.com/2bd286e0-88a6-4ad8-8e5f-cee302921963/-/format/auto/\"\n                                class=\"release-content-image__image image-thumbnail-rollover__image\"\n                data-description=\"\"\n                id=\"image-2bd286e0-88a6-4ad8-8e5f-cee302921963\"\n                data-id=\"2bd286e0-88a6-4ad8-8e5f-cee302921963\"\n                data-original=\"https://cdn.uc.assets.prezly.com/2bd286e0-88a6-4ad8-8e5f-cee302921963/-/inline/no/Untitled\"\n                data-mfp-src=\"https://cdn.uc.assets.prezly.com/2bd286e0-88a6-4ad8-8e5f-cee302921963/-/format/auto/\"\n                alt=\"Story image\"\n            />\n            <div class=\"image-thumbnail-rollover__caption\">\n                <svg class=\"icon icon-expand image-thumbnail-rollover__caption-icon\">\n                <use xlink:href=\"#icon-expand\"></use>\n            </svg>            </div>\n        </div>\n\n        <figcaption class=\"release-content-image__caption\"></figcaption>\n    </figure>\n<p style=\"text-align: justify\"><em>Sources : Statbel, pr&eacute;visions ING</em></p><p style=\"text-align: justify\"><strong>Informations pour la presse :</strong></p><div class=\"release-content-contact\" id=\"contact-58d3ad49-1f25-4a3a-b4d9-12162aba407c\">\n    <div class=\"release-content-contact__avatar\"><img src=\"https://cdn.uc.assets.prezly.com/f39c7287-f800-4f61-9160-ab16c0bae9c6/-/scale_crop/128x128/center/-/format/auto/\" alt=\"Alissa Lefebre\" class=\"release-content-contact__avatar-image\" /></div>\n    <div class=\"release-content-contact__details\">\n        <strong class=\"release-content-contact__name\">Alissa Lefebre</strong>\n        <em class=\"release-content-contact__description\">Econoom, ING Belgium</em>\n        <ul class=\"release-content-contact__details-list\"><li class=\"release-content-contact__details-list-item\"><a href=\"mailto:alissa.lefebre@ing.com\"  class=\"release-content-contact__details-list-item-link\" title=\"alissa.lefebre@ing.com\"><svg class=\"icon icon-paper-plane release-content-contact__details-list-item-icon\">\n                <use xlink:href=\"#icon-paper-plane\"></use>\n            </svg>alissa.lefebre@ing.com</a></li>\n<li class=\"release-content-contact__details-list-item\"><a href=\"tel:+ 32 471 31 18 91\"  class=\"release-content-contact__details-list-item-link\" title=\"+ 32 471 31 18 91\"><svg class=\"icon icon-mobile release-content-contact__details-list-item-icon\">\n                <use xlink:href=\"#icon-mobile\"></use>\n            </svg>+ 32 471 31 18 91</a></li></ul>\n    </div>\n</div><hr /><p style=\"text-align: left\"><strong>A propos d&#039;ING</strong></p><p style=\"text-align: left\">ING Belgique est une banque universelle qui propose des services financiers aux particuliers, aux entreprises et aux clients institutionnels. ING Belgium SA/NV est une filiale d&rsquo;ING Group NV, via ING Banque NV (<a href=\"http://www.ing.com/\" target=\"_blank\" rel=\"noreferrer noopener\"><strong>www.ing.com</strong></a>).</p><p style=\"text-align: left\">ING est une institution financi&egrave;re internationale solidement ancr&eacute;e en Europe, qui propose des services bancaires par l&rsquo;interm&eacute;diaire de sa filiale d&rsquo;exploitation, ING Bank. La raison d&rsquo;&ecirc;tre d&#039;ING Bank est d&rsquo;aider les personnes &agrave; garder une longueur d&rsquo;avance dans la vie et dans les affaires. Les plus de 60 000 collaborateurs d&rsquo;ING offrent leurs services &agrave; des clients dans plus de 100 pays.</p><p style=\"text-align: left\">Les actions d&rsquo;ING Group sont cot&eacute;es aux bourses d&#039;Amsterdam (INGA NA, INGA.AS), de Bruxelles et &agrave; la bourse de New York (ADRs : ING US, ING.N).</p><p style=\"text-align: left\">ING vise &agrave; placer le d&eacute;veloppement durable au c&oelig;ur de ses activit&eacute;s. Nos politiques et nos actions sont &eacute;valu&eacute;es par des organismes de recherche et de notation ind&eacute;pendants, qui en publient des mises &agrave; jour chaque ann&eacute;e. La notation ESG d&rsquo;ING par MSCI a &eacute;t&eacute; relev&eacute;e de &laquo; AA &raquo; &agrave; &laquo; AAA &raquo; en octobre 2025. En juin 2025, Sustainalytics a qualifi&eacute; la gestion par ING de ses risques ESG mat&eacute;riels de &laquo; Forte &raquo;, avec un ESG Risk Rating de 18,0 (faible risque). Les actions d&rsquo;ING Group font &eacute;galement partie des principaux indices de durabilit&eacute; et ESG des grands fournisseurs, tels que Euronext, STOXX, Morningstar et FTSE Russell.</p>",
    "header": {
        "large": "https://cdn.uc.assets.prezly.com/856cdb41-9ec0-4ed0-9744-9a8efb3c0202/-/format/auto/",
        "release": "https://cdn.uc.assets.prezly.com/856cdb41-9ec0-4ed0-9744-9a8efb3c0202/-/format/auto/"
    },
    "images": [
        {
            "caption": "",
            "original": "https://cdn.uc.assets.prezly.com/2bd286e0-88a6-4ad8-8e5f-cee302921963/",
            "medium": "https://cdn.uc.assets.prezly.com/2bd286e0-88a6-4ad8-8e5f-cee302921963/-/preview/500x500/-/format/auto/",
            "small": "https://cdn.uc.assets.prezly.com/2bd286e0-88a6-4ad8-8e5f-cee302921963/-/preview/200x200/-/format/auto/",
            "thumbnail": "https://cdn.uc.assets.prezly.com/2bd286e0-88a6-4ad8-8e5f-cee302921963/-/preview/100x100/-/format/auto/",
            "square": "https://cdn.uc.assets.prezly.com/2bd286e0-88a6-4ad8-8e5f-cee302921963/-/scale_crop/200x200/center/-/format/auto/",
            "squaresmall": "https://cdn.uc.assets.prezly.com/2bd286e0-88a6-4ad8-8e5f-cee302921963/-/scale_crop/58x58/center/-/format/auto/"
        }
    ],
    "contacts": [
        {
            "name": "Alissa Lefebre",
            "company": "ING Belgium",
            "description": "Econoom",
            "email": "alissa.lefebre@ing.com",
            "website": null,
            "address": null,
            "telephone": null,
            "mobile": "+ 32 471 31 18 91",
            "twitter": null,
            "facebook": null
        }
    ],
    "author": {
        "first_name": "Gianni",
        "last_name": "De Muynck"
    },
    "format_version": 5
}