{
    "title": "Cosas de la vida : Une r\u00e9flexion profonde sur l'humanit\u00e9 \u00e0 The Marnix Gallery ",
    "modified_at": "2026-04-27 11:15:02",
    "published_at": "2026-04-27 13:24:00",
    "url": "https://newsroom.ing.be/cosas-de-la-vida-une-reflexion-profonde-sur-lhumanite-a-the-marnix-gallery",
    "short_url": "http://prez.ly/z6Dd",
    "culture": "fr",
    "language": "FR",
    "subtitle": "Philip Aguirre y Otegui \u2013 Cosas de la vida | The Marnix Gallery, ING Belgium | jusqu\u2019au 29 mai 2026 ",
    "slug": "cosas-de-la-vida-une-reflexion-profonde-sur-lhumanite-a-the-marnix-gallery",
    "body": "<p>Bruxelles - ING Belgium a le plaisir de pr&eacute;senter <em>Cosas de la vida</em>, une exposition temporaire &agrave; The Marnix Gallery mettant en lumi&egrave;re le travail de l&rsquo;artiste belgo-basque Philip Aguirre y Otegui. &Agrave; travers des figures humaines stylis&eacute;es, des &oelig;uvres textiles, des assemblages et des dessins, Aguirre porte un regard sur la condition humaine : la r&eacute;silience, la vuln&eacute;rabilit&eacute; et la po&eacute;sie du quotidien. Ses &oelig;uvres font &eacute;cho &agrave; des sc&egrave;nes et des &eacute;motions universelles tir&eacute;es &agrave; la fois de son environnement proche et de son lien profond avec l&#039;Afrique de l&#039;Ouest.</p><blockquote><em>&laquo; J&rsquo;essaie de capturer la beaut&eacute; de l&rsquo;imparfait - les moments et les gestes fragiles qui nous disent qui nous sommes &raquo;</em>, explique Philip Aguirre y Otegui. <em>&laquo; Mon &oelig;uvre rappelle que nous portons le monde en nous, o&ugrave; que nous allions &raquo;. </em> </blockquote><p>L&#039;exposition est organis&eacute;e par Kathleen Weyts, r&eacute;dactrice en chef du magazine Glean, et s&#039;inscrit dans la mission de The Marnix Gallery - l&#039;espace d&#039;art public d&#039;ING Belgium - qui est de rendre l&#039;art accessible &agrave; tous par le biais de la r&eacute;flexion, du dialogue et de l&#039;exp&eacute;rience partag&eacute;e. </p><blockquote><em>&laquo; Avec The Marnix Gallery, nous voulons offrir un espace ouvert o&ugrave; chacun peut aborder l&rsquo;art de mani&egrave;re enrichissante &raquo;</em>, explique Anne Petre, curatrice en chef de la Collection ING Belgium. <em>&laquo; L&rsquo;exposition d&rsquo;Aguirre incarne parfaitement cette ambition &raquo;.</em> </blockquote><p><em>Cosas de la vida</em> invite les visiteurs &agrave; d&eacute;ambuler dans un paysage de sculptures et d&#039;images qui explorent les espoirs, les luttes et les liens de l&#039;humanit&eacute; - un r&eacute;cit &agrave; la fois profond&eacute;ment personnel et universellement reconnaissable. </p><p><strong>&Agrave; propos de </strong><em><strong>Cosas de la vida</strong></em><strong> de Philip Aguirre y Otegui</strong> </p><p><em>Cosas de la vida</em> de Philip Aguirre y Otegui refl&egrave;te la condition humaine &agrave; travers des figures stylis&eacute;es, des textiles, des assemblages et des dessins. Son travail fait &eacute;cho &agrave; des sc&egrave;nes de la vie quotidienne et &agrave; des lieux qu&#039;il observe, comme une plage d&#039;Afrique de l&#039;Ouest o&ugrave; coexistent des moments d&#039;espoir, de fragilit&eacute; et de r&eacute;silience. M&ecirc;me dans le d&eacute;labrement, il trouve la beaut&eacute; et le renouveau, r&eacute;v&eacute;lant comment ce qui semble perdu peut &ecirc;tre restaur&eacute;. </p><p style=\"text-align: left\">Ses personnages semblent solitaires, mais renferment des univers entiers, invitant le spectateur &agrave; r&eacute;fl&eacute;chir &agrave; ce que signifie &ecirc;tre humain aujourd&rsquo;hui : comment nous vivons, interagissons, nous souvenons et prenons soin les uns des autres. &Agrave; partir du bois, du m&eacute;tal, du pl&acirc;tre, de l&#039;argile et d&#039;objets trouv&eacute;s, Aguirre construit des r&eacute;cits ancr&eacute;s dans la vie elle-m&ecirc;me, proposant une &oelig;uvre qui &eacute;voque la r&eacute;silience, l&#039;espoir, la beaut&eacute; et la po&eacute;sie. </p><p style=\"text-align: left\">Depuis l&rsquo;ouverture, ING s&rsquo;est particuli&egrave;rement r&eacute;jouie d&rsquo;apprendre que Philip Aguirre y Otegui a &eacute;t&eacute; s&eacute;lectionn&eacute; comme artiste participant &agrave; l&rsquo;exposition centrale de la Biennale de Venise de cette ann&eacute;e, sous le commissariat de Koyo Kouoh. Cette reconnaissance souligne encore davantage la pertinence et le rayonnement international de son &oelig;uvre. </p><p><strong>About The Marnix Gallery</strong></p><p>Apr&egrave;s plus de 30 ans pass&eacute;s sur la Place Royale, le Centre d&rsquo;art ING a &eacute;t&eacute; r&eacute;am&eacute;nag&eacute; et est d&eacute;sormais int&eacute;gr&eacute; au si&egrave;ge de la banque, r&eacute;unissant la collection ING et son programme d&rsquo;expositions en un seul lieu. Situ&eacute;e au niveau de la rue et ouverte &agrave; toute personne entrant dans le b&acirc;timent, The Marnix Gallery refl&egrave;te l&rsquo;engagement de longue date d&rsquo;ING en faveur de l&rsquo;art et de la cr&eacute;ativit&eacute;, ainsi que son d&eacute;sir de rendre la culture plus largement accessible. </p><p style=\"text-align: left\">The Marnix Gallery concr&eacute;tise la vision d&#039;ING Belgium d&#039;un espace artistique ouvert et accueillant. \u200b Un lieu o&ugrave; les gens se rassemblent pour vivre l&#039;art &agrave; travers la r&eacute;flexion, la d&eacute;tente et l&#039;&eacute;change d&#039;id&eacute;es. Cette vision est exprim&eacute;e dans le concept <em>&ldquo;Open Space, Open Mind,&rdquo;</em> qui incarne l&rsquo;essence de la philosophie artistique d&rsquo;ING Belgium. </p><div\n    id='gallery-8ac7f544-538e-4e16-a2f7-472c006ecd1b'\n    class='release-content-gallery release-content-gallery--layout-contained'\n    data-component='chromatic-gallery,image-zoom-popup'\n    data-chromatic-gallery-padding='S'\n    data-chromatic-gallery-thumbnail-size='M'\n    data-chromatic-gallery-captions='data:application/json,true'\n    data-chromatic-gallery-photos='data:application/json;base64,W3siaWQiOiI2Mjc1NTdjMS01YTljLTRiYmMtYjZhOC0wMDQwOTZkNTJhM2EiLCJzcmMiOiJodHRwczpcL1wvY2RuLnVjLmFzc2V0cy5wcmV6bHkuY29tXC82Mjc1NTdjMS01YTljLTRiYmMtYjZhOC0wMDQwOTZkNTJhM2FcLy1cL3ByZXZpZXdcLzExMDh4MTEwOFwvLVwvZm9ybWF0XC9hdXRvXC8iLCJhc3BlY3RfcmF0aW8iOjEuNSwiY2FwdGlvbiI6Ilx1MDBhOSBIdWdhcmQgJiBWYW5vdmVyc2NoZWxkZSwgcGhvdG9ncmFwaHkuIiwiYXR0cmlidXRlcyI6eyJpZCI6ImdhbGxlcnktaW1hZ2UtNjI3NTU3YzEtNWE5Yy00YmJjLWI2YTgtMDA0MDk2ZDUyYTNhIiwiZGF0YS1pZCI6IjYyNzU1N2MxLTVhOWMtNGJiYy1iNmE4LTAwNDA5NmQ1MmEzYSIsImRhdGEtbWZwLXNyYyI6Imh0dHBzOlwvXC9jZG4udWMuYXNzZXRzLnByZXpseS5jb21cLzYyNzU1N2MxLTVhOWMtNGJiYy1iNmE4LTAwNDA5NmQ1MmEzYVwvLVwvcHJldmlld1wvMTIwMHgxMjAwXC8tXC9mb3JtYXRcL2F1dG9cLyIsImRhdGEtZGVzY3JpcHRpb24iOiJcdTAwYTkgSHVnYXJkICYgVmFub3ZlcnNjaGVsZGUsIHBob3RvZ3JhcGh5LiIsImRhdGEtb3JpZ2luYWwiOiJodHRwczpcL1wvY2RuLnVjLmFzc2V0cy5wcmV6bHkuY29tXC82Mjc1NTdjMS01YTljLTRiYmMtYjZhOC0wMDQwOTZkNTJhM2FcLy1cL2lubGluZVwvbm9cL1BBKzMrY29weXJpZ2h0K0h1Z2FyZCslMjYrVmFub3ZlcnNjaGVsZGUrMjAyNi5qcGcifX0seyJpZCI6ImRiYWMxMzNkLTFjNDktNGYxYi1iZjcwLTgxN2RiMTQyZGJjZCIsInNyYyI6Imh0dHBzOlwvXC9jZG4udWMuYXNzZXRzLnByZXpseS5jb21cL2RiYWMxMzNkLTFjNDktNGYxYi1iZjcwLTgxN2RiMTQyZGJjZFwvLVwvcHJldmlld1wvMTEwOHgxMTA4XC8tXC9mb3JtYXRcL2F1dG9cLyIsImFzcGVjdF9yYXRpbyI6MS41LCJjYXB0aW9uIjoiXHUwMGE5IEh1Z2FyZCAmIFZhbm92ZXJzY2hlbGRlLCBwaG90b2dyYXBoeS4iLCJhdHRyaWJ1dGVzIjp7ImlkIjoiZ2FsbGVyeS1pbWFnZS1kYmFjMTMzZC0xYzQ5LTRmMWItYmY3MC04MTdkYjE0MmRiY2QiLCJkYXRhLWlkIjoiZGJhYzEzM2QtMWM0OS00ZjFiLWJmNzAtODE3ZGIxNDJkYmNkIiwiZGF0YS1tZnAtc3JjIjoiaHR0cHM6XC9cL2Nkbi51Yy5hc3NldHMucHJlemx5LmNvbVwvZGJhYzEzM2QtMWM0OS00ZjFiLWJmNzAtODE3ZGIxNDJkYmNkXC8tXC9wcmV2aWV3XC8xMjAweDEyMDBcLy1cL2Zvcm1hdFwvYXV0b1wvIiwiZGF0YS1kZXNjcmlwdGlvbiI6Ilx1MDBhOSBIdWdhcmQgJiBWYW5vdmVyc2NoZWxkZSwgcGhvdG9ncmFwaHkuIiwiZGF0YS1vcmlnaW5hbCI6Imh0dHBzOlwvXC9jZG4udWMuYXNzZXRzLnByZXpseS5jb21cL2RiYWMxMzNkLTFjNDktNGYxYi1iZjcwLTgxN2RiMTQyZGJjZFwvLVwvaW5saW5lXC9ub1wvUEErOCtjb3B5cmlnaHQrSHVnYXJkKyUyNitWYW5vdmVyc2NoZWxkZSsyMDI2LmpwZyJ9fSx7ImlkIjoiZmZlMjljZDQtOTcwMC00OTUxLTg1MTAtN2Y3YzU2OWQ2ZTFjIiwic3JjIjoiaHR0cHM6XC9cL2Nkbi51Yy5hc3NldHMucHJlemx5LmNvbVwvZmZlMjljZDQtOTcwMC00OTUxLTg1MTAtN2Y3YzU2OWQ2ZTFjXC8tXC9wcmV2aWV3XC8xMTA4eDExMDhcLy1cL2Zvcm1hdFwvYXV0b1wvIiwiYXNwZWN0X3JhdGlvIjoxLjUsImNhcHRpb24iOiJcdTAwYTkgSHVnYXJkICYgVmFub3ZlcnNjaGVsZGUsIHBob3RvZ3JhcGh5LiIsImF0dHJpYnV0ZXMiOnsiaWQiOiJnYWxsZXJ5LWltYWdlLWZmZTI5Y2Q0LTk3MDAtNDk1MS04NTEwLTdmN2M1NjlkNmUxYyIsImRhdGEtaWQiOiJmZmUyOWNkNC05NzAwLTQ5NTEtODUxMC03ZjdjNTY5ZDZlMWMiLCJkYXRhLW1mcC1zcmMiOiJodHRwczpcL1wvY2RuLnVjLmFzc2V0cy5wcmV6bHkuY29tXC9mZmUyOWNkNC05NzAwLTQ5NTEtODUxMC03ZjdjNTY5ZDZlMWNcLy1cL3ByZXZpZXdcLzEyMDB4MTIwMFwvLVwvZm9ybWF0XC9hdXRvXC8iLCJkYXRhLWRlc2NyaXB0aW9uIjoiXHUwMGE5IEh1Z2FyZCAmIFZhbm92ZXJzY2hlbGRlLCBwaG90b2dyYXBoeS4iLCJkYXRhLW9yaWdpbmFsIjoiaHR0cHM6XC9cL2Nkbi51Yy5hc3NldHMucHJlemx5LmNvbVwvZmZlMjljZDQtOTcwMC00OTUxLTg1MTAtN2Y3YzU2OWQ2ZTFjXC8tXC9pbmxpbmVcL25vXC9QQSsxMytjb3B5cmlnaHQrSHVnYXJkKyUyNitWYW5vdmVyc2NoZWxkZSsyMDI2LmpwZyJ9fV0='\n    data-chromatic-gallery-force-full-width='data:application/json,true'\n    data-chromatic-gallery-expand-icon='data:text/plain;base64,PHN2ZyBjbGFzcz0iaWNvbiBpY29uLWV4cGFuZCI+CiAgICAgICAgICAgICAgICA8dXNlIHhsaW5rOmhyZWY9IiNpY29uLWV4cGFuZCI+PC91c2U+CiAgICAgICAgICAgIDwvc3ZnPg=='\n    data-image-zoom-popup-selector='.chromatic-gallery__photo'\n    data-image-zoom-popup-i18n='data:application/json;base64,eyJEb3dubG9hZCI6IkRvd25sb2FkIn0='\n    data-image-zoom-popup-tracking-view-event='Story Image View'\n    data-image-zoom-popup-tracking-download-event='Story Image Download'\n    data-image-zoom-popup-placement='content'\n></div><p><strong>Informations pour la presse :</strong></p><div class=\"release-content-contact\" id=\"contact-7bdeec1a-0435-453d-8a80-38d5e78aabb0\">\n    <div class=\"release-content-contact__avatar\"><img src=\"https://cdn.uc.assets.prezly.com/689a05ae-fe08-42cb-be07-49f94b1c3a70/-/crop/160x160/0,16/-/preview/-/scale_crop/128x128/center/-/format/auto/\" alt=\"Gianni De Muynck\" class=\"release-content-contact__avatar-image\" /></div>\n    <div class=\"release-content-contact__details\">\n        <strong class=\"release-content-contact__name\">Gianni De Muynck</strong>\n        <em class=\"release-content-contact__description\">Spokesman &amp; Media Relations Manager, ING Belgium</em>\n        <ul class=\"release-content-contact__details-list\"><li class=\"release-content-contact__details-list-item\"><a href=\"mailto:pressoffice@ing.be\"  class=\"release-content-contact__details-list-item-link\" title=\"pressoffice@ing.be\"><svg class=\"icon icon-paper-plane release-content-contact__details-list-item-icon\">\n                <use xlink:href=\"#icon-paper-plane\"></use>\n            </svg>pressoffice@ing.be</a></li>\n<li class=\"release-content-contact__details-list-item\"><a href=\"tel:+32 478 66 21 58\"  class=\"release-content-contact__details-list-item-link\" title=\"+32 478 66 21 58\"><svg class=\"icon icon-phone release-content-contact__details-list-item-icon\">\n                <use xlink:href=\"#icon-phone\"></use>\n            </svg>+32 478 66 21 58</a></li></ul>\n    </div>\n</div><p>&nbsp;</p><p style=\"text-align: left\"><strong>A propos d&#039;ING</strong></p><p style=\"text-align: left\">ING Belgique est une banque universelle qui propose des services financiers aux particuliers, aux entreprises et aux clients institutionnels. ING Belgium SA/NV est une filiale d&rsquo;ING Group NV, via ING Banque NV (<a href=\"http://www.ing.com/\" target=\"_blank\" rel=\"noreferrer noopener\"><strong>www.ing.com</strong></a>).</p><p style=\"text-align: left\">ING est une institution financi&egrave;re internationale solidement ancr&eacute;e en Europe, qui propose des services bancaires par l&rsquo;interm&eacute;diaire de sa filiale d&rsquo;exploitation, ING Bank. La raison d&rsquo;&ecirc;tre d&#039;ING Bank est d&rsquo;aider les personnes &agrave; garder une longueur d&rsquo;avance dans la vie et dans les affaires. Les plus de 60 000 collaborateurs d&rsquo;ING offrent leurs services &agrave; des clients dans plus de 100 pays.</p><p style=\"text-align: left\">Les actions d&rsquo;ING Group sont cot&eacute;es aux bourses d&#039;Amsterdam (INGA NA, INGA.AS), de Bruxelles et &agrave; la bourse de New York (ADRs : ING US, ING.N).</p><p style=\"text-align: left\">ING vise &agrave; placer le d&eacute;veloppement durable au c&oelig;ur de ses activit&eacute;s. Nos politiques et nos actions sont &eacute;valu&eacute;es par des organismes de recherche et de notation ind&eacute;pendants, qui en publient des mises &agrave; jour chaque ann&eacute;e. La notation ESG d&rsquo;ING par MSCI a &eacute;t&eacute; relev&eacute;e de &laquo; AA &raquo; &agrave; &laquo; AAA &raquo; en octobre 2025. En juin 2025, Sustainalytics a qualifi&eacute; la gestion par ING de ses risques ESG mat&eacute;riels de &laquo; Forte &raquo;, avec un ESG Risk Rating de 18,0 (faible risque). Les actions d&rsquo;ING Group font &eacute;galement partie des principaux indices de durabilit&eacute; et ESG des grands fournisseurs, tels que Euronext, STOXX, Morningstar et FTSE Russell.</p>",
    "mainvisual": {
        "thumbnail": "https://cdn.uc.assets.prezly.com/9e5a0a1a-9cbb-41df-8e93-24b8e45016b7/-/scale_crop/250x250/center/-/format/auto/",
        "large": "https://cdn.uc.assets.prezly.com/9e5a0a1a-9cbb-41df-8e93-24b8e45016b7/-/preview/500x500/-/format/auto/",
        "original": "https://cdn.uc.assets.prezly.com/9e5a0a1a-9cbb-41df-8e93-24b8e45016b7/"
    },
    "header": {
        "large": "https://cdn.uc.assets.prezly.com/13e78055-86ca-460f-b05f-aef60b8d2806/-/preview/1200x1200/-/format/auto/",
        "release": "https://cdn.uc.assets.prezly.com/13e78055-86ca-460f-b05f-aef60b8d2806/-/preview/1200x1200/-/format/auto/"
    },
    "images": [
        {
            "caption": "\u00a9 Hugard & Vanoverschelde, photography.",
            "original": "https://cdn.uc.assets.prezly.com/627557c1-5a9c-4bbc-b6a8-004096d52a3a/",
            "medium": "https://cdn.uc.assets.prezly.com/627557c1-5a9c-4bbc-b6a8-004096d52a3a/-/preview/500x500/-/format/auto/",
            "small": "https://cdn.uc.assets.prezly.com/627557c1-5a9c-4bbc-b6a8-004096d52a3a/-/preview/200x200/-/format/auto/",
            "thumbnail": "https://cdn.uc.assets.prezly.com/627557c1-5a9c-4bbc-b6a8-004096d52a3a/-/preview/100x100/-/format/auto/",
            "square": "https://cdn.uc.assets.prezly.com/627557c1-5a9c-4bbc-b6a8-004096d52a3a/-/scale_crop/200x200/center/-/format/auto/",
            "squaresmall": "https://cdn.uc.assets.prezly.com/627557c1-5a9c-4bbc-b6a8-004096d52a3a/-/scale_crop/58x58/center/-/format/auto/"
        },
        {
            "caption": "\u00a9 Hugard & Vanoverschelde, photography.",
            "original": "https://cdn.uc.assets.prezly.com/dbac133d-1c49-4f1b-bf70-817db142dbcd/",
            "medium": "https://cdn.uc.assets.prezly.com/dbac133d-1c49-4f1b-bf70-817db142dbcd/-/preview/500x500/-/format/auto/",
            "small": "https://cdn.uc.assets.prezly.com/dbac133d-1c49-4f1b-bf70-817db142dbcd/-/preview/200x200/-/format/auto/",
            "thumbnail": "https://cdn.uc.assets.prezly.com/dbac133d-1c49-4f1b-bf70-817db142dbcd/-/preview/100x100/-/format/auto/",
            "square": "https://cdn.uc.assets.prezly.com/dbac133d-1c49-4f1b-bf70-817db142dbcd/-/scale_crop/200x200/center/-/format/auto/",
            "squaresmall": "https://cdn.uc.assets.prezly.com/dbac133d-1c49-4f1b-bf70-817db142dbcd/-/scale_crop/58x58/center/-/format/auto/"
        },
        {
            "caption": "\u00a9 Hugard & Vanoverschelde, photography.",
            "original": "https://cdn.uc.assets.prezly.com/ffe29cd4-9700-4951-8510-7f7c569d6e1c/",
            "medium": "https://cdn.uc.assets.prezly.com/ffe29cd4-9700-4951-8510-7f7c569d6e1c/-/preview/500x500/-/format/auto/",
            "small": "https://cdn.uc.assets.prezly.com/ffe29cd4-9700-4951-8510-7f7c569d6e1c/-/preview/200x200/-/format/auto/",
            "thumbnail": "https://cdn.uc.assets.prezly.com/ffe29cd4-9700-4951-8510-7f7c569d6e1c/-/preview/100x100/-/format/auto/",
            "square": "https://cdn.uc.assets.prezly.com/ffe29cd4-9700-4951-8510-7f7c569d6e1c/-/scale_crop/200x200/center/-/format/auto/",
            "squaresmall": "https://cdn.uc.assets.prezly.com/ffe29cd4-9700-4951-8510-7f7c569d6e1c/-/scale_crop/58x58/center/-/format/auto/"
        }
    ],
    "contacts": [
        {
            "name": "Gianni De Muynck",
            "company": "ING Belgium",
            "description": "Spokesman & Media Relations Manager",
            "email": "pressoffice@ing.be",
            "website": null,
            "address": null,
            "telephone": "+32 478 66 21 58",
            "mobile": null,
            "twitter": null,
            "facebook": null
        }
    ],
    "author": {
        "first_name": "Gianni",
        "last_name": "De Muynck"
    },
    "format_version": 5
}